{"id":11815,"date":"2023-06-27T11:27:19","date_gmt":"2023-06-27T11:27:19","guid":{"rendered":"https:\/\/itnig.net\/blog\/?p=11815"},"modified":"2023-06-27T11:27:20","modified_gmt":"2023-06-27T11:27:20","slug":"coworking-en-poblenou-barcelona-los-mejores-cafes-de-la-zona","status":"publish","type":"post","link":"https:\/\/itnig.net\/blog\/coworking-en-poblenou-barcelona-los-mejores-cafes-de-la-zona\/","title":{"rendered":"Coworking en Poblenou Barcelona: Los mejores caf\u00e9s de la zona"},"content":{"rendered":"\n<p>El coworking en Poblenou Barcelona es cada d\u00eda m\u00e1s popular. Al tratarse de una zona donde la tecnolog\u00eda y la innovaci\u00f3n se dan la mano, se ha producido un aumento significativo de la demanda de espacios de trabajo en la zona. Para todas las horas que se pasan trabajando, \u00a1se necesita un buen caf\u00e9! Nos hemos propuesto encontrar el mejor caf\u00e9 de la zona para alimentar tu creatividad\u2026<\/p>\n\n\n\n<h2 class=\"wp-block-heading\"><a href=\"https:\/\/www.instagram.com\/acidhousecoffeeshop\/\" target=\"_blank\" rel=\"noreferrer noopener\">Acid House Coffee Shop<\/a><\/h2>\n\n\n\n<p>Un centro de innovaci\u00f3n cultural hecho para la creaci\u00f3n y la innovaci\u00f3n en las empresas. Es una iniciativa de Folch, pero tambi\u00e9n cuenta con el apoyo de los grandes del sector. Quieren revolucionar los negocios desde dentro de la cafeter\u00eda. Su objetivo es explorar, dar forma y producir iniciativas innovadoras y rompedoras en educaci\u00f3n, artes interdisciplinares\u2026<\/p>\n\n\n\n<h2 class=\"wp-block-heading\"><a href=\"https:\/\/nomadcoffee.es\" target=\"_blank\" rel=\"noreferrer noopener\">Nomad Frutas Selectas<\/a><\/h2>\n\n\n\n<p>Nomad coffee ha abierto una de sus cafeter\u00edas en Poblenou. Abierto de lunes a viernes de 8:30h a 18:00h, y los s\u00e1bados de 10:00h a 18:00h, \u00a1podr\u00e1s disfrutar de un caf\u00e9 estupendo! Tambi\u00e9n es un lugar donde puedes encontrar los t\u00edpicos tipos de pan y boller\u00eda de Pa de Kilo. Tiene un ambiente take away con poco espacio para sentarse pero un espacio m\u00e1s que c\u00f3modamente grande.<\/p>\n\n\n\n<h2 class=\"wp-block-heading\"><a href=\"https:\/\/www.instagram.com\/joliu.studio\/\" target=\"_blank\" rel=\"noreferrer noopener\">Joliu Caf\u00e9<\/a><\/h2>\n\n\n\n<p>Antiguo edificio industrial, han reformado el local para darle un aire chic pero industrial. Adem\u00e1s de ofrecer un estupendo caf\u00e9 de especialidad, es una concept store donde puedes encontrar revistas, cer\u00e1mica y plantas. Tienen una gran variedad de opciones veganas y sin gluten, as\u00ed que puedes disfrutar comiendo all\u00ed con total seguridad. Tambi\u00e9n puedes alquilar el espacio para sesiones de fotos, talleres y todo lo que se te ocurra.<\/p>\n\n\n\n<h2 class=\"wp-block-heading\"><a href=\"https:\/\/www.instagram.com\/itnigspaces\/\" target=\"_blank\" rel=\"noreferrer noopener\">Itnig Caf\u00e9<\/a><\/h2>\n\n\n\n<p>Especialidad Syra Coffee con un gran espacio de coworking. Ofrece caf\u00e9 de especialidad, as\u00ed como muchas bebidas diferentes, \u00a1heladas y calientes! Tambi\u00e9n hay mucha boller\u00eda, s\u00e1ndwiches y las mejores galletas, muy ricas de sabor. Es muy espacioso y tiene muchas mesas compartidas. Su mural de vidrio fue realizado por el artista japon\u00e9s Joshi Sislay. \u00a1Puedes sentarte a trabajar y tambi\u00e9n apuntarte a su espacio de coworking! Est\u00e1 situado en Pujades 100.<\/p>\n\n\n\n<h2 class=\"wp-block-heading\"><a href=\"https:\/\/www.instagram.com\/odaracafebcn\/\">Odara <\/a><a href=\"https:\/\/www.instagram.com\/odaracafebcn\/\" target=\"_blank\" rel=\"noreferrer noopener\">Caf\u00e9<\/a><\/h2>\n\n\n\n<p>Odara Caf\u00e9 empez\u00f3 como una empresa de catering con ra\u00edces brasile\u00f1as. Luego creci\u00f3 hasta convertirse en una peque\u00f1a cafeter\u00eda llamada Marmiter\u00eda Caf\u00e9, que ahora se conoce como Odara Caf\u00e9. Odara viene de maravilloso y genial, que es lo que, en esencia, quieren que sea su caf\u00e9.<\/p>\n\n\n\n<p>Cuando se hace coworking en Poblenou Barcelona, el caf\u00e9 es muy necesario. Aunque estas son s\u00f3lo algunas opciones, \u00a1hay muchos m\u00e1s sitios! Aseg\u00farate de visitarlos cuando est\u00e9s en la ciudad y aprov\u00e9chalos.<\/p>\n","protected":false},"excerpt":{"rendered":"<p>El coworking en Poblenou Barcelona es cada d\u00eda m\u00e1s popular. Al tratarse de una zona donde la tecnolog\u00eda y la innovaci\u00f3n se dan la mano, se ha producido un aumento significativo de la demanda de espacios de trabajo en la zona. Para todas las horas que se pasan trabajando, \u00a1se necesita un buen caf\u00e9! Nos [&hellip;]<\/p>\n","protected":false},"author":1,"featured_media":11764,"comment_status":"open","ping_status":"open","sticky":false,"template":"","format":"standard","meta":{"footnotes":""},"categories":[376],"tags":[],"class_list":["post-11815","post","type-post","status-publish","format-standard","has-post-thumbnail","hentry","category-sin-categorizar"],"_links":{"self":[{"href":"https:\/\/itnig.net\/blog\/wp-json\/wp\/v2\/posts\/11815","targetHints":{"allow":["GET"]}}],"collection":[{"href":"https:\/\/itnig.net\/blog\/wp-json\/wp\/v2\/posts"}],"about":[{"href":"https:\/\/itnig.net\/blog\/wp-json\/wp\/v2\/types\/post"}],"author":[{"embeddable":true,"href":"https:\/\/itnig.net\/blog\/wp-json\/wp\/v2\/users\/1"}],"replies":[{"embeddable":true,"href":"https:\/\/itnig.net\/blog\/wp-json\/wp\/v2\/comments?post=11815"}],"version-history":[{"count":1,"href":"https:\/\/itnig.net\/blog\/wp-json\/wp\/v2\/posts\/11815\/revisions"}],"predecessor-version":[{"id":11816,"href":"https:\/\/itnig.net\/blog\/wp-json\/wp\/v2\/posts\/11815\/revisions\/11816"}],"wp:featuredmedia":[{"embeddable":true,"href":"https:\/\/itnig.net\/blog\/wp-json\/wp\/v2\/media\/11764"}],"wp:attachment":[{"href":"https:\/\/itnig.net\/blog\/wp-json\/wp\/v2\/media?parent=11815"}],"wp:term":[{"taxonomy":"category","embeddable":true,"href":"https:\/\/itnig.net\/blog\/wp-json\/wp\/v2\/categories?post=11815"},{"taxonomy":"post_tag","embeddable":true,"href":"https:\/\/itnig.net\/blog\/wp-json\/wp\/v2\/tags?post=11815"}],"curies":[{"name":"wp","href":"https:\/\/api.w.org\/{rel}","templated":true}]}}